{"id":345,"date":"2018-08-12T00:11:28","date_gmt":"2018-08-11T22:11:28","guid":{"rendered":"http:\/\/www.audeladusilence.org\/?p=345"},"modified":"2018-08-12T00:27:23","modified_gmt":"2018-08-11T22:27:23","slug":"12-10-2018-les-voutes-kosmo-kino-plaza-cycle-xii-le-sale-air-de-la-peur","status":"publish","type":"post","link":"http:\/\/www.audeladusilence.org\/?p=345","title":{"rendered":"[12.10.2018 &#8211; Les Vo\u00fbtes] Kosmo Kino Plaza &#8211; Cycle XII : Le sale air de la peur"},"content":{"rendered":"<h3>Kosmo Kino Plaza &#8211; Cycle XII : Le sale air de la peur<\/h3>\n<h4>Les Vo\u00fbtes, Paris \u2013 12.10.2018 \u2013 19:30<\/h4>\n<h4>\u00a0<img loading=\"lazy\" decoding=\"async\" class=\"aligncenter wp-image-343 size-medium\" src=\"http:\/\/www.audeladusilence.org\/wp-content\/uploads\/2018\/08\/FLY_KKP_CYCLEXII-213x300.jpg\" alt=\"\" width=\"213\" height=\"300\" srcset=\"http:\/\/www.audeladusilence.org\/wp-content\/uploads\/2018\/08\/FLY_KKP_CYCLEXII-213x300.jpg 213w, http:\/\/www.audeladusilence.org\/wp-content\/uploads\/2018\/08\/FLY_KKP_CYCLEXII-768x1082.jpg 768w, http:\/\/www.audeladusilence.org\/wp-content\/uploads\/2018\/08\/FLY_KKP_CYCLEXII-727x1024.jpg 727w, http:\/\/www.audeladusilence.org\/wp-content\/uploads\/2018\/08\/FLY_KKP_CYCLEXII.jpg 1241w\" sizes=\"auto, (max-width: 213px) 100vw, 213px\" \/><\/h4>\n<h4><\/h4>\n<h4>Thorofon &#8211; Control &#8211; Te\/DIS<\/h4>\n<p><iframe loading=\"lazy\" src=\"https:\/\/www.youtube.com\/embed\/LAuEOZmsvpg\" width=\"560\" height=\"315\" frameborder=\"0\" allowfullscreen=\"allowfullscreen\"><\/iframe><\/p>\n<p>&nbsp;<\/p>\n<hr \/>\n<h3>Thorofon<\/h3>\n<p><a href=\"https:\/\/www.facebook.com\/Thorofon-125914984206296\/\">Facebook<\/a><\/p>\n<p><iframe loading=\"lazy\" src=\"https:\/\/www.youtube.com\/embed\/nse7DWu_vbk\" width=\"560\" height=\"315\" frameborder=\"0\" allowfullscreen=\"allowfullscreen\"><\/iframe><\/p>\n<h3>Control<\/h3>\n<p><a href=\"https:\/\/www.facebook.com\/Control-487467091325148\/\">Facebook<\/a><\/p>\n<p><iframe loading=\"lazy\" src=\"https:\/\/www.youtube.com\/embed\/QHwLu0iRLLU\" width=\"560\" height=\"315\" frameborder=\"0\" allowfullscreen=\"allowfullscreen\"><\/iframe><\/p>\n<h3>Te\/DIS<\/h3>\n<p><a href=\"https:\/\/www.facebook.com\/TemptedDissident\/\">Facebook<\/a><\/p>\n<p><iframe loading=\"lazy\" src=\"https:\/\/www.youtube.com\/embed\/4OQDS0aixRE\" width=\"560\" height=\"315\" frameborder=\"0\" allowfullscreen=\"allowfullscreen\"><\/iframe><\/p>\n<hr \/>\n<h6>Ev\u00e9nement <a href=\"https:\/\/www.facebook.com\/events\/203113153835519\">Facebook<\/a>.<\/h6>\n<p>Les Vo\u00fbtes<br \/>\n19 rue des Frigos &#8211; 75013 Paris<\/p>\n<p>M\u00e9tro : Biblioth\u00e8que Fran\u00e7ois Mitterrand<\/p>\n<p><a href=\"http:\/\/www.lesvoutes.org\" target=\"_blank\" rel=\"nofollow noopener\" data-lynx-mode=\"origin\">http:\/\/www.lesvoutes.org\/<\/a><\/p>\n<hr \/>\n<h6>Billetterie<\/h6>\n<p>Pr\u00e9vente : 20\u20ac + \u00e9ventuelle commission.<br \/>\nSur place : 23\u20ac<\/p>\n<p>Disponible <a href=\"https:\/\/audeladusilence.bigcartel.com\/product\/kkp-xii-12-10-2018-les-voutes-paris\">en ligne sur notre Big Cartel.<\/a><\/p>\n","protected":false},"excerpt":{"rendered":"<p>Kosmo Kino Plaza &#8211; Cycle XII : Le sale air de la peur Les Vo\u00fbtes, Paris \u2013 12.10.2018 \u2013 19:30 \u00a0 Thorofon &#8211; Control &#8211; Te\/DIS &nbsp; Thorofon Facebook Control Facebook Te\/DIS Facebook Ev\u00e9nement Facebook. Les Vo\u00fbtes 19 rue des Frigos &#8211; 75013 Paris M\u00e9tro : Biblioth\u00e8que Fran\u00e7ois Mitterrand http:\/\/www.lesvoutes.org\/ Billetterie Pr\u00e9vente : 20\u20ac + &hellip; <\/p>\n<p class=\"link-more\"><a href=\"http:\/\/www.audeladusilence.org\/?p=345\" class=\"more-link\">more<span class=\"screen-reader-text\"> \u00ab\u00a0[12.10.2018 &#8211; Les Vo\u00fbtes] Kosmo Kino Plaza &#8211; Cycle XII : Le sale air de la peur\u00a0\u00bb<\/span><\/a><\/p>\n","protected":false},"author":2,"featured_media":0,"comment_status":"closed","ping_status":"closed","sticky":false,"template":"","format":"standard","meta":{"footnotes":""},"categories":[3,2,56],"tags":[126,127,7,39,128,43,19,20,93,21,22,125,94],"class_list":["post-345","post","type-post","status-publish","format-standard","hentry","category-c_annonce","category-concert","category-c_kkp","tag-angst-pop","tag-ant-zen","tag-concert","tag-control","tag-galakthorroe","tag-industrial","tag-kkp","tag-kosmo-kino-plaza","tag-les-voutes","tag-noise","tag-power-electronics","tag-te-dis","tag-thorofon"],"_links":{"self":[{"href":"http:\/\/www.audeladusilence.org\/index.php?rest_route=\/wp\/v2\/posts\/345","targetHints":{"allow":["GET"]}}],"collection":[{"href":"http:\/\/www.audeladusilence.org\/index.php?rest_route=\/wp\/v2\/posts"}],"about":[{"href":"http:\/\/www.audeladusilence.org\/index.php?rest_route=\/wp\/v2\/types\/post"}],"author":[{"embeddable":true,"href":"http:\/\/www.audeladusilence.org\/index.php?rest_route=\/wp\/v2\/users\/2"}],"replies":[{"embeddable":true,"href":"http:\/\/www.audeladusilence.org\/index.php?rest_route=%2Fwp%2Fv2%2Fcomments&post=345"}],"version-history":[{"count":1,"href":"http:\/\/www.audeladusilence.org\/index.php?rest_route=\/wp\/v2\/posts\/345\/revisions"}],"predecessor-version":[{"id":347,"href":"http:\/\/www.audeladusilence.org\/index.php?rest_route=\/wp\/v2\/posts\/345\/revisions\/347"}],"wp:attachment":[{"href":"http:\/\/www.audeladusilence.org\/index.php?rest_route=%2Fwp%2Fv2%2Fmedia&parent=345"}],"wp:term":[{"taxonomy":"category","embeddable":true,"href":"http:\/\/www.audeladusilence.org\/index.php?rest_route=%2Fwp%2Fv2%2Fcategories&post=345"},{"taxonomy":"post_tag","embeddable":true,"href":"http:\/\/www.audeladusilence.org\/index.php?rest_route=%2Fwp%2Fv2%2Ftags&post=345"}],"curies":[{"name":"wp","href":"https:\/\/api.w.org\/{rel}","templated":true}]}}