{"id":371,"date":"2019-02-11T14:30:09","date_gmt":"2019-02-11T13:30:09","guid":{"rendered":"http:\/\/www.audeladusilence.org\/?p=371"},"modified":"2019-04-25T22:26:41","modified_gmt":"2019-04-25T20:26:41","slug":"26-04-2019-les-voutes-decline-of-the-i-inselberg-romaric-sangars","status":"publish","type":"post","link":"http:\/\/www.audeladusilence.org\/?p=371","title":{"rendered":"[26.04.2019 &#8211; Les Vo\u00fbtes] Decline of the I &#8211; Inselberg &#8211; Romaric Sangars : COMPLET."},"content":{"rendered":"<h3>Decline of the I &#8211; Inselberg &#8211; Romaric Sangars<\/h3>\n<h4>Les Vo\u00fbtes, Paris &#8211; 26.04.2019 &#8211; 20:00<\/h4>\n<p><img loading=\"lazy\" decoding=\"async\" class=\"aligncenter wp-image-372 size-medium\" src=\"http:\/\/www.audeladusilence.org\/wp-content\/uploads\/2019\/02\/FLY-DOTI-214x300.jpg\" alt=\"\" width=\"214\" height=\"300\" srcset=\"http:\/\/www.audeladusilence.org\/wp-content\/uploads\/2019\/02\/FLY-DOTI-214x300.jpg 214w, http:\/\/www.audeladusilence.org\/wp-content\/uploads\/2019\/02\/FLY-DOTI-768x1077.jpg 768w, http:\/\/www.audeladusilence.org\/wp-content\/uploads\/2019\/02\/FLY-DOTI-730x1024.jpg 730w, http:\/\/www.audeladusilence.org\/wp-content\/uploads\/2019\/02\/FLY-DOTI.jpg 1264w\" sizes=\"auto, (max-width: 214px) 100vw, 214px\" \/><\/p>\n<h3>Decline of the I &#8211; Inselberg &#8211; Romaric Sangars<\/h3>\n<p><iframe loading=\"lazy\" src=\"https:\/\/www.youtube.com\/embed\/7SzmEJE0zo8\" width=\"560\" height=\"315\" frameborder=\"0\" allowfullscreen=\"allowfullscreen\"><\/iframe><\/p>\n<hr>\n<h3>Decline of the I<\/h3>\n<p>Concert &amp; performance<\/p>\n<h3>Inselberg<\/h3>\n<p>\u00ab\u00a0H\u00e9rodiade\u00a0\u00bb de Mallarm\u00e9<\/p>\n<h3>Romaric Sangars<\/h3>\n<p>Po\u00e8mes-suicides : lecture<\/p>\n<hr>\n<h6>Ev\u00e9nement <a>Facebook<\/a>.<\/h6>\n<p>Les Vo\u00fbtes<br \/>\n19 rue des Frigos &#8211; 75013 Paris<\/p>\n<p>M\u00e9tro : Biblioth\u00e8que Fran\u00e7ois Mitterrand<\/p>\n<p><a href=\"http:\/\/www.lesvoutes.org\" target=\"_blank\" rel=\"nofollow noopener noreferrer\" data-lynx-mode=\"origin\">http:\/\/www.lesvoutes.org\/<\/a><\/p>\n<hr>\n<h6>Billetterie<\/h6>\n<p>Pr\u00e9vente : 13\u20ac + \u00e9ventuelle commission.<br \/>\nSur place : 15\u20ac<\/p>\n<p>Disponible <a href=\"http:\/\/audeladusilence.bigcartel.com\/\">en ligne sur notre Big Cartel.<\/a><\/p>\n","protected":false},"excerpt":{"rendered":"<p>Decline of the I &#8211; Inselberg &#8211; Romaric Sangars Les Vo\u00fbtes, Paris &#8211; 26.04.2019 &#8211; 20:00 Decline of the I &#8211; Inselberg &#8211; Romaric Sangars Decline of the I Concert &amp; performance Inselberg \u00ab\u00a0H\u00e9rodiade\u00a0\u00bb de Mallarm\u00e9 Romaric Sangars Po\u00e8mes-suicides : lecture Ev\u00e9nement Facebook. Les Vo\u00fbtes 19 rue des Frigos &#8211; 75013 Paris M\u00e9tro : Biblioth\u00e8que &hellip; <\/p>\n<p class=\"link-more\"><a href=\"http:\/\/www.audeladusilence.org\/?p=371\" class=\"more-link\">more<span class=\"screen-reader-text\"> \u00ab\u00a0[26.04.2019 &#8211; Les Vo\u00fbtes] Decline of the I &#8211; Inselberg &#8211; Romaric Sangars : COMPLET.\u00a0\u00bb<\/span><\/a><\/p>\n","protected":false},"author":2,"featured_media":0,"comment_status":"closed","ping_status":"closed","sticky":false,"template":"","format":"standard","meta":{"footnotes":""},"categories":[3,2,80,1],"tags":[100,42,101,7,62,136,23,44,144,137,142,143,37,141,140,139,145],"class_list":["post-371","post","type-post","status-publish","format-standard","hentry","category-c_annonce","category-concert","category-c_hs","category-non-classe","tag-aluk-todolo","tag-ambient","tag-black-metal","tag-concert","tag-dark-folk","tag-decline-of-the-i","tag-drone","tag-experimental","tag-forbidden-site","tag-inselberg","tag-live","tag-merrimack","tag-performance","tag-poemes-suicides","tag-poesie","tag-romaric-sangars","tag-vorkreist"],"_links":{"self":[{"href":"http:\/\/www.audeladusilence.org\/index.php?rest_route=\/wp\/v2\/posts\/371","targetHints":{"allow":["GET"]}}],"collection":[{"href":"http:\/\/www.audeladusilence.org\/index.php?rest_route=\/wp\/v2\/posts"}],"about":[{"href":"http:\/\/www.audeladusilence.org\/index.php?rest_route=\/wp\/v2\/types\/post"}],"author":[{"embeddable":true,"href":"http:\/\/www.audeladusilence.org\/index.php?rest_route=\/wp\/v2\/users\/2"}],"replies":[{"embeddable":true,"href":"http:\/\/www.audeladusilence.org\/index.php?rest_route=%2Fwp%2Fv2%2Fcomments&post=371"}],"version-history":[{"count":2,"href":"http:\/\/www.audeladusilence.org\/index.php?rest_route=\/wp\/v2\/posts\/371\/revisions"}],"predecessor-version":[{"id":383,"href":"http:\/\/www.audeladusilence.org\/index.php?rest_route=\/wp\/v2\/posts\/371\/revisions\/383"}],"wp:attachment":[{"href":"http:\/\/www.audeladusilence.org\/index.php?rest_route=%2Fwp%2Fv2%2Fmedia&parent=371"}],"wp:term":[{"taxonomy":"category","embeddable":true,"href":"http:\/\/www.audeladusilence.org\/index.php?rest_route=%2Fwp%2Fv2%2Fcategories&post=371"},{"taxonomy":"post_tag","embeddable":true,"href":"http:\/\/www.audeladusilence.org\/index.php?rest_route=%2Fwp%2Fv2%2Ftags&post=371"}],"curies":[{"name":"wp","href":"https:\/\/api.w.org\/{rel}","templated":true}]}}