{"id":389,"date":"2019-07-06T17:27:56","date_gmt":"2019-07-06T15:27:56","guid":{"rendered":"http:\/\/www.audeladusilence.org\/?p=389"},"modified":"2019-07-28T01:04:44","modified_gmt":"2019-07-27T23:04:44","slug":"26-09-2019-les-voutes-kosmo-kino-plaza-cycle-xv-ces-matins-de-magiciens","status":"publish","type":"post","link":"http:\/\/www.audeladusilence.org\/?p=389","title":{"rendered":"[26.09.2019 &#8211; Les Vo\u00fbtes] Kosmo Kino Plaza &#8211; Cycle XV : Ces m\u00e2tins de magiciens"},"content":{"rendered":"<h3>Kosmo Kino Plaza &#8211; Cycle XV : Ces m\u00e2tins de magiciens<\/h3>\n<h4>Les Vo\u00fbtes, Paris \u2013 26.09.2019 \u2013 19:30<\/h4>\n<h4><img loading=\"lazy\" decoding=\"async\" class=\"aligncenter wp-image-387 size-medium\" src=\"http:\/\/www.audeladusilence.org\/wp-content\/uploads\/2019\/07\/FLY_KKP_CYCLEXV_Web-213x300.jpg\" alt=\"\" width=\"213\" height=\"300\" srcset=\"http:\/\/www.audeladusilence.org\/wp-content\/uploads\/2019\/07\/FLY_KKP_CYCLEXV_Web-213x300.jpg 213w, http:\/\/www.audeladusilence.org\/wp-content\/uploads\/2019\/07\/FLY_KKP_CYCLEXV_Web-768x1082.jpg 768w, http:\/\/www.audeladusilence.org\/wp-content\/uploads\/2019\/07\/FLY_KKP_CYCLEXV_Web-727x1024.jpg 727w, http:\/\/www.audeladusilence.org\/wp-content\/uploads\/2019\/07\/FLY_KKP_CYCLEXV_Web.jpg 1241w\" sizes=\"auto, (max-width: 213px) 100vw, 213px\" \/><\/h4>\n<h4>Burial Hex &#8211; Les Chasseurs de la&nbsp;Nuit &#8211;&nbsp;Common Eider, King Eider &#8211; Visions<\/h4>\n<p><iframe loading=\"lazy\" width=\"560\" height=\"315\" src=\"https:\/\/www.youtube.com\/embed\/hYv3ybIwAWc\" frameborder=\"0\" allow=\"accelerometer; autoplay; encrypted-media; gyroscope; picture-in-picture\" allowfullscreen=\"\"><\/iframe><\/p>\n<hr>\n<h3>Burial Hex<\/h3>\n<p><a href=\"https:\/\/www.facebook.com\/pg\/Burial-Hex-159520650742375\">Facebook<\/a><\/p>\n<p><iframe loading=\"lazy\" width=\"560\" height=\"315\" src=\"https:\/\/www.youtube.com\/embed\/cVNByfg1IbE\" frameborder=\"0\" allow=\"accelerometer; autoplay; encrypted-media; gyroscope; picture-in-picture\" allowfullscreen=\"\"><\/iframe><\/p>\n<h3>Les Chasseurs de la Nuit<\/h3>\n<p><a href=\"https:\/\/www.facebook.com\/leschasseursdelanuit\">Facebook<\/a><\/p>\n<p><iframe loading=\"lazy\" width=\"560\" height=\"315\" src=\"https:\/\/www.youtube.com\/embed\/k1nCYCKkKg8\" frameborder=\"0\" allow=\"accelerometer; autoplay; encrypted-media; gyroscope; picture-in-picture\" allowfullscreen=\"\"><\/iframe><\/p>\n<h3>Common Eider, King Eider<\/h3>\n<p><a href=\"https:\/\/www.facebook.com\/CommonEiderKingEiderCaribouPeople\">Facebook<\/a><br \/>\n<iframe loading=\"lazy\" width=\"560\" height=\"315\" src=\"https:\/\/www.youtube.com\/embed\/gGuh8NsxtUE\" frameborder=\"0\" allow=\"accelerometer; autoplay; encrypted-media; gyroscope; picture-in-picture\" allowfullscreen=\"\"><\/iframe><\/p>\n<h3>Visions<\/h3>\n<p><a href=\"https:\/\/www.facebook.com\/visionsambient\/\">Facebook<\/a><br \/>\n<iframe loading=\"lazy\" width=\"560\" height=\"315\" src=\"https:\/\/www.youtube.com\/embed\/nx57jDie4wA\" frameborder=\"0\" allow=\"accelerometer; autoplay; encrypted-media; gyroscope; picture-in-picture\" allowfullscreen=\"\"><\/iframe><\/p>\n<hr>\n<h6>Ev\u00e9nement <a href=\"https:\/\/www.facebook.com\/events\/2269415749748439\/\">Facebook<\/a>.<\/h6>\n<p>Les Vo\u00fbtes<br \/>\n19 rue des Frigos &#8211; 75013 Paris<\/p>\n<p>M\u00e9tro : Biblioth\u00e8que Fran\u00e7ois Mitterrand<\/p>\n<p><a href=\"http:\/\/www.lesvoutes.org\" target=\"_blank\" rel=\"nofollow noopener noreferrer\" data-lynx-mode=\"origin\">http:\/\/www.lesvoutes.org\/<\/a><\/p>\n<hr>\n<h6>Billetterie<\/h6>\n<p>Pr\u00e9vente : 22\u20ac + \u00e9ventuelle commission.<br \/>\nSur place : 25\u20ac<\/p>\n<p>Disponible <a href=\"https:\/\/audeladusilence.bigcartel.com\/product\/kkp-xv-26-09-2019-les-voutes-paris\">en ligne sur notre Big Cartel.<\/a><\/p>\n","protected":false},"excerpt":{"rendered":"<p>Kosmo Kino Plaza &#8211; Cycle XV : Ces m\u00e2tins de magiciens Les Vo\u00fbtes, Paris \u2013 26.09.2019 \u2013 19:30 Burial Hex &#8211; Les Chasseurs de la&nbsp;Nuit &#8211;&nbsp;Common Eider, King Eider &#8211; Visions Burial Hex Facebook Les Chasseurs de la Nuit Facebook Common Eider, King Eider Facebook Visions Facebook Ev\u00e9nement Facebook. Les Vo\u00fbtes 19 rue des Frigos &hellip; <\/p>\n<p class=\"link-more\"><a href=\"http:\/\/www.audeladusilence.org\/?p=389\" class=\"more-link\">more<span class=\"screen-reader-text\"> \u00ab\u00a0[26.09.2019 &#8211; Les Vo\u00fbtes] Kosmo Kino Plaza &#8211; Cycle XV : Ces m\u00e2tins de magiciens\u00a0\u00bb<\/span><\/a><\/p>\n","protected":false},"author":2,"featured_media":0,"comment_status":"closed","ping_status":"closed","sticky":false,"template":"","format":"standard","meta":{"footnotes":""},"categories":[3,2,56],"tags":[42,153,159,129,158,7,113,24,44,19,20,160,154,93,142,21,22,162,161,155],"class_list":["post-389","post","type-post","status-publish","format-standard","hentry","category-c_annonce","category-concert","category-c_kkp","tag-ambient","tag-burial-hex","tag-ceke","tag-cold-spring-records","tag-common-eider-king-eider","tag-concert","tag-cyclic-law","tag-dark-ambient","tag-experimental","tag-kkp","tag-kosmo-kino-plaza","tag-lcdln","tag-les-chasseurs-de-la-nuit","tag-les-voutes","tag-live","tag-noise","tag-power-electronics","tag-tesco","tag-tesco-organization","tag-visions"],"_links":{"self":[{"href":"http:\/\/www.audeladusilence.org\/index.php?rest_route=\/wp\/v2\/posts\/389","targetHints":{"allow":["GET"]}}],"collection":[{"href":"http:\/\/www.audeladusilence.org\/index.php?rest_route=\/wp\/v2\/posts"}],"about":[{"href":"http:\/\/www.audeladusilence.org\/index.php?rest_route=\/wp\/v2\/types\/post"}],"author":[{"embeddable":true,"href":"http:\/\/www.audeladusilence.org\/index.php?rest_route=\/wp\/v2\/users\/2"}],"replies":[{"embeddable":true,"href":"http:\/\/www.audeladusilence.org\/index.php?rest_route=%2Fwp%2Fv2%2Fcomments&post=389"}],"version-history":[{"count":1,"href":"http:\/\/www.audeladusilence.org\/index.php?rest_route=\/wp\/v2\/posts\/389\/revisions"}],"predecessor-version":[{"id":390,"href":"http:\/\/www.audeladusilence.org\/index.php?rest_route=\/wp\/v2\/posts\/389\/revisions\/390"}],"wp:attachment":[{"href":"http:\/\/www.audeladusilence.org\/index.php?rest_route=%2Fwp%2Fv2%2Fmedia&parent=389"}],"wp:term":[{"taxonomy":"category","embeddable":true,"href":"http:\/\/www.audeladusilence.org\/index.php?rest_route=%2Fwp%2Fv2%2Fcategories&post=389"},{"taxonomy":"post_tag","embeddable":true,"href":"http:\/\/www.audeladusilence.org\/index.php?rest_route=%2Fwp%2Fv2%2Ftags&post=389"}],"curies":[{"name":"wp","href":"https:\/\/api.w.org\/{rel}","templated":true}]}}