{"id":407,"date":"2019-10-31T00:37:16","date_gmt":"2019-10-30T23:37:16","guid":{"rendered":"http:\/\/www.audeladusilence.org\/?p=407"},"modified":"2019-10-31T00:37:21","modified_gmt":"2019-10-30T23:37:21","slug":"13-12-2019-les-voutes-salon-musique-salon-bruit-premiere-edition","status":"publish","type":"post","link":"http:\/\/www.audeladusilence.org\/?p=407","title":{"rendered":"[13.12.2019 &#8211; Les Vo\u00fbtes] Salon Musique \/ Salon Bruit &#8211; Premi\u00e8re \u00e9dition"},"content":{"rendered":"<h3>Salon Musique \/ Salon Bruit : premi\u00e8re \u00e9dition<\/h3>\n<h4>Les Vo\u00fbtes, Paris \u2013 13.12.2019 \u2013 19:30<\/h4>\n<h4><img loading=\"lazy\" decoding=\"async\" class=\"aligncenter wp-image-406 size-medium\" src=\"http:\/\/www.audeladusilence.org\/wp-content\/uploads\/2019\/10\/flyer-SMSB01-213x300.jpg\" alt=\"\" width=\"213\" height=\"300\" srcset=\"http:\/\/www.audeladusilence.org\/wp-content\/uploads\/2019\/10\/flyer-SMSB01-213x300.jpg 213w, http:\/\/www.audeladusilence.org\/wp-content\/uploads\/2019\/10\/flyer-SMSB01-768x1082.jpg 768w, http:\/\/www.audeladusilence.org\/wp-content\/uploads\/2019\/10\/flyer-SMSB01-727x1024.jpg 727w, http:\/\/www.audeladusilence.org\/wp-content\/uploads\/2019\/10\/flyer-SMSB01.jpg 1241w\" sizes=\"auto, (max-width: 213px) 100vw, 213px\" \/><\/h4>\n<h4>Regard Extr\u00eame &#8211; Lisieux\u00a0\u2020\u00a0&#8211; Ascending Divers<\/h4>\n<p><iframe loading=\"lazy\" src=\"https:\/\/www.youtube.com\/embed\/JbbgckIsIiE\" width=\"560\" height=\"315\" frameborder=\"0\" allowfullscreen=\"allowfullscreen\"><\/iframe><\/p>\n<hr \/>\n<h3>Regard Extr\u00eame<\/h3>\n<p><a href=\"https:\/\/www.facebook.com\/regardextreme\/\">Facebook<\/a><br \/>\n<iframe loading=\"lazy\" src=\"https:\/\/www.youtube.com\/embed\/MxpinT4DqYc\" width=\"560\" height=\"315\" frameborder=\"0\" allowfullscreen=\"allowfullscreen\"><\/iframe><\/p>\n<h3>Lisieux\u00a0\u2020<\/h3>\n<p><a href=\"https:\/\/www.facebook.com\/lisieux.band\/\">Facebook<\/a><br \/>\n<iframe loading=\"lazy\" src=\"https:\/\/www.youtube.com\/embed\/ipNs9En9QMw\" width=\"560\" height=\"315\" frameborder=\"0\" allowfullscreen=\"allowfullscreen\"><\/iframe><\/p>\n<h3>Ascending Divers<\/h3>\n<p><a href=\"https:\/\/www.facebook.com\/Ascending-Divers-337323750500566\/\">Facebook<\/a><br \/>\n<iframe style=\"border: 0; width: 100%; height: 120px;\" src=\"https:\/\/bandcamp.com\/EmbeddedPlayer\/album=2336044611\/size=large\/bgcol=333333\/linkcol=ffffff\/tracklist=false\/artwork=small\/transparent=true\/\" seamless=\"\">&lt;a href=\u00a0\u00bbhttp:\/\/ascendingdivers.bandcamp.com\/album\/r-verie-sur-le-seuil\u00a0\u00bb&gt;R\u00eaverie Sur Le Seuil par Ascending Divers&lt;\/a&gt;<\/iframe><\/p>\n<hr \/>\n<h6>Ev\u00e9nement <a href=\"https:\/\/www.facebook.com\/events\/412314296304405\">Facebook<\/a>.<\/h6>\n<p>Les Vo\u00fbtes<br \/>\n19 rue des Frigos &#8211; 75013 Paris<\/p>\n<p>M\u00e9tro : Biblioth\u00e8que Fran\u00e7ois Mitterrand<\/p>\n<p><a href=\"http:\/\/www.lesvoutes.org\" target=\"_blank\" rel=\"nofollow noopener noreferrer\" data-lynx-mode=\"origin\">http:\/\/www.lesvoutes.org\/<\/a><\/p>\n<hr \/>\n<h6>Billetterie<\/h6>\n<p>Pr\u00e9vente : 17\u20ac + \u00e9ventuelle commission.<br \/>\nSur place : 20\u20ac<\/p>\n<p>Disponible <a href=\"https:\/\/audeladusilence.bigcartel.com\/product\/sm-sb-01-13-12-2019-les-voutes-paris\">en ligne sur notre Big Cartel.<\/a><\/p>\n","protected":false},"excerpt":{"rendered":"<p>Salon Musique \/ Salon Bruit : premi\u00e8re \u00e9dition Les Vo\u00fbtes, Paris \u2013 13.12.2019 \u2013 19:30 Regard Extr\u00eame &#8211; Lisieux\u00a0\u2020\u00a0&#8211; Ascending Divers Regard Extr\u00eame Facebook Lisieux\u00a0\u2020 Facebook Ascending Divers Facebook &lt;a href=\u00a0\u00bbhttp:\/\/ascendingdivers.bandcamp.com\/album\/r-verie-sur-le-seuil\u00a0\u00bb&gt;R\u00eaverie Sur Le Seuil par Ascending Divers&lt;\/a&gt; Ev\u00e9nement Facebook. Les Vo\u00fbtes 19 rue des Frigos &#8211; 75013 Paris M\u00e9tro : Biblioth\u00e8que Fran\u00e7ois Mitterrand http:\/\/www.lesvoutes.org\/ Billetterie &hellip; <\/p>\n<p class=\"link-more\"><a href=\"http:\/\/www.audeladusilence.org\/?p=407\" class=\"more-link\">more<span class=\"screen-reader-text\"> \u00ab\u00a0[13.12.2019 &#8211; Les Vo\u00fbtes] Salon Musique \/ Salon Bruit &#8211; Premi\u00e8re \u00e9dition\u00a0\u00bb<\/span><\/a><\/p>\n","protected":false},"author":2,"featured_media":0,"comment_status":"closed","ping_status":"closed","sticky":false,"template":"","format":"standard","meta":{"footnotes":""},"categories":[3,2,170],"tags":[42,69,174,7,24,62,177,44,93,173,142,175,176,63,171],"class_list":["post-407","post","type-post","status-publish","format-standard","hentry","category-c_annonce","category-concert","category-salon-musique-salon-bruit","tag-ambient","tag-apocalyptic-folk","tag-ascending-divers","tag-concert","tag-dark-ambient","tag-dark-folk","tag-dark-wave","tag-experimental","tag-les-voutes","tag-lisieux","tag-live","tag-neoclassical","tag-neoclassique","tag-neofolk","tag-regard-extreme"],"_links":{"self":[{"href":"http:\/\/www.audeladusilence.org\/index.php?rest_route=\/wp\/v2\/posts\/407","targetHints":{"allow":["GET"]}}],"collection":[{"href":"http:\/\/www.audeladusilence.org\/index.php?rest_route=\/wp\/v2\/posts"}],"about":[{"href":"http:\/\/www.audeladusilence.org\/index.php?rest_route=\/wp\/v2\/types\/post"}],"author":[{"embeddable":true,"href":"http:\/\/www.audeladusilence.org\/index.php?rest_route=\/wp\/v2\/users\/2"}],"replies":[{"embeddable":true,"href":"http:\/\/www.audeladusilence.org\/index.php?rest_route=%2Fwp%2Fv2%2Fcomments&post=407"}],"version-history":[{"count":3,"href":"http:\/\/www.audeladusilence.org\/index.php?rest_route=\/wp\/v2\/posts\/407\/revisions"}],"predecessor-version":[{"id":410,"href":"http:\/\/www.audeladusilence.org\/index.php?rest_route=\/wp\/v2\/posts\/407\/revisions\/410"}],"wp:attachment":[{"href":"http:\/\/www.audeladusilence.org\/index.php?rest_route=%2Fwp%2Fv2%2Fmedia&parent=407"}],"wp:term":[{"taxonomy":"category","embeddable":true,"href":"http:\/\/www.audeladusilence.org\/index.php?rest_route=%2Fwp%2Fv2%2Fcategories&post=407"},{"taxonomy":"post_tag","embeddable":true,"href":"http:\/\/www.audeladusilence.org\/index.php?rest_route=%2Fwp%2Fv2%2Ftags&post=407"}],"curies":[{"name":"wp","href":"https:\/\/api.w.org\/{rel}","templated":true}]}}