{"id":422,"date":"2022-07-26T00:31:43","date_gmt":"2022-07-25T22:31:43","guid":{"rendered":"http:\/\/www.audeladusilence.org\/?p=422"},"modified":"2022-07-26T00:31:45","modified_gmt":"2022-07-25T22:31:45","slug":"02-09-2022-les-voutes-kosmo-kino-plaza-cycle-xviii-maux-comptent-double","status":"publish","type":"post","link":"http:\/\/www.audeladusilence.org\/?p=422","title":{"rendered":"[02.09.2022 &#8211; Les Vo\u00fbtes] Kosmo Kino Plaza &#8211; Cycle XVIII : Maux comptent double"},"content":{"rendered":"\n<h3 class=\"wp-block-heading\">Kosmo Kino Plaza &#8211; Cycle XVIII : Maux comptent double<\/h3>\n\n\n\n<h4 class=\"wp-block-heading\">Les Vo\u00fbtes, Paris \u2013 02.09.2022 \u2013 19:00<\/h4>\n\n\n<div class=\"wp-block-image\">\n<figure class=\"aligncenter size-large is-resized\"><img loading=\"lazy\" decoding=\"async\" src=\"http:\/\/www.audeladusilence.org\/wp-content\/uploads\/2022\/07\/FLY_KKP_CYCLEXVIII-726x1024.jpg\" alt=\"\" class=\"wp-image-424\" width=\"182\" height=\"256\" srcset=\"http:\/\/www.audeladusilence.org\/wp-content\/uploads\/2022\/07\/FLY_KKP_CYCLEXVIII-726x1024.jpg 726w, http:\/\/www.audeladusilence.org\/wp-content\/uploads\/2022\/07\/FLY_KKP_CYCLEXVIII-213x300.jpg 213w, http:\/\/www.audeladusilence.org\/wp-content\/uploads\/2022\/07\/FLY_KKP_CYCLEXVIII-768x1083.jpg 768w, http:\/\/www.audeladusilence.org\/wp-content\/uploads\/2022\/07\/FLY_KKP_CYCLEXVIII-1090x1536.jpg 1090w, http:\/\/www.audeladusilence.org\/wp-content\/uploads\/2022\/07\/FLY_KKP_CYCLEXVIII.jpg 1240w\" sizes=\"auto, (max-width: 182px) 100vw, 182px\" \/><\/figure><\/div>\n\n\n<h4 class=\"wp-block-heading\">Sutcliffe No More (ex Sutcliffe J\u00fcgend) &#8211; Lugola &#8211; Harmony Of Struggle<\/h4>\n\n\n<p><iframe loading=\"lazy\" src=\"https:\/\/www.youtube.com\/embed\/J9dYvktJFMk\" width=\"560\" height=\"315\" frameborder=\"0\" allowfullscreen=\"allowfullscreen\"><\/iframe><\/p>\n<p>Sutcliffe No More joueront un premier set spoken word et un second set noise\/power electronics.<\/p>\n<hr \/>\n<h3>Sutcliffe No More (ex Sutcliffe J\u00fcgend)<\/h3>\n<p><iframe loading=\"lazy\" src=\"https:\/\/www.youtube.com\/embed\/btdzoKD2ovQ\" width=\"560\" height=\"315\" frameborder=\"0\" allowfullscreen=\"allowfullscreen\"><\/iframe> <iframe loading=\"lazy\" src=\"https:\/\/www.youtube.com\/embed\/ND2RJ4X0jNc\" width=\"560\" height=\"315\" frameborder=\"0\" allowfullscreen=\"allowfullscreen\"><\/iframe><\/p>\n<h3>Lugola<\/h3>\n<p><a href=\"https:\/\/www.facebook.com\/lugolaofficial\">Facebook<\/a><\/p>\n<p><iframe loading=\"lazy\" src=\"https:\/\/www.youtube.com\/embed\/19WHgWqbIqM\" width=\"560\" height=\"315\" frameborder=\"0\" allowfullscreen=\"allowfullscreen\"><\/iframe><\/p>\n<h3>Harmony Of Struggle<\/h3>\n<p><a href=\"https:\/\/www.facebook.com\/harmonyofstruggle\">Facebook<\/a><\/p>\n<p><iframe loading=\"lazy\" src=\"https:\/\/www.youtube.com\/embed\/Qg4_U64eOtw\" width=\"560\" height=\"315\" frameborder=\"0\" allowfullscreen=\"allowfullscreen\"><\/iframe><\/p>\n<hr \/>\n<h6>Ev\u00e9nement <a href=\"https:\/\/www.facebook.com\/events\/291701283084822\">Facebook<\/a>.<\/h6>\n<p>Les Vo\u00fbtes 19 rue des Frigos &#8211; 75013 Paris M\u00e9tro : Biblioth\u00e8que Fran\u00e7ois Mitterrand <a href=\"http:\/\/www.lesvoutes.org\" target=\"_blank\" rel=\"nofollow noopener\" data-lynx-mode=\"origin\">http:\/\/www.lesvoutes.org\/<\/a><\/p>\n<hr \/>\n<h6>Billetterie<\/h6>\n<p>Pr\u00e9vente : 23\u20ac.<\/p>\n<p>Sur place : 25\u20ac<\/p>\n<p>Disponible <a href=\"https:\/\/www.helloasso.com\/associations\/productions-adds\/evenements\/kkp-xviii-sutcliffe-no-more-lugola-harmony-of-struggle\">en ligne.<\/a><\/p>","protected":false},"excerpt":{"rendered":"<p>Kosmo Kino Plaza &#8211; Cycle XVIII : Maux comptent double Les Vo\u00fbtes, Paris \u2013 02.09.2022 \u2013 19:00 Sutcliffe No More (ex Sutcliffe J\u00fcgend) &#8211; Lugola &#8211; Harmony Of Struggle Sutcliffe No More joueront un premier set spoken word et un second set noise\/power electronics. Sutcliffe No More (ex Sutcliffe J\u00fcgend) Lugola Facebook Harmony Of Struggle &hellip; <\/p>\n<p class=\"link-more\"><a href=\"http:\/\/www.audeladusilence.org\/?p=422\" class=\"more-link\">more<span class=\"screen-reader-text\"> \u00ab\u00a0[02.09.2022 &#8211; Les Vo\u00fbtes] Kosmo Kino Plaza &#8211; Cycle XVIII : Maux comptent double\u00a0\u00bb<\/span><\/a><\/p>\n","protected":false},"author":2,"featured_media":0,"comment_status":"closed","ping_status":"closed","sticky":false,"template":"","format":"standard","meta":{"footnotes":""},"categories":[3,2,4,56],"tags":[41,197,198,19,20,93,196,21,22,132,130,195],"class_list":["post-422","post","type-post","status-publish","format-standard","hentry","category-c_annonce","category-concert","category-c_info","category-c_kkp","tag-death-industrial","tag-harmony-of-struggle","tag-heavy-electronics","tag-kkp","tag-kosmo-kino-plaza","tag-les-voutes","tag-lugola","tag-noise","tag-power-electronics","tag-spoken-word","tag-sutcliffe-jugend","tag-sutcliffe-no-more"],"_links":{"self":[{"href":"http:\/\/www.audeladusilence.org\/index.php?rest_route=\/wp\/v2\/posts\/422","targetHints":{"allow":["GET"]}}],"collection":[{"href":"http:\/\/www.audeladusilence.org\/index.php?rest_route=\/wp\/v2\/posts"}],"about":[{"href":"http:\/\/www.audeladusilence.org\/index.php?rest_route=\/wp\/v2\/types\/post"}],"author":[{"embeddable":true,"href":"http:\/\/www.audeladusilence.org\/index.php?rest_route=\/wp\/v2\/users\/2"}],"replies":[{"embeddable":true,"href":"http:\/\/www.audeladusilence.org\/index.php?rest_route=%2Fwp%2Fv2%2Fcomments&post=422"}],"version-history":[{"count":1,"href":"http:\/\/www.audeladusilence.org\/index.php?rest_route=\/wp\/v2\/posts\/422\/revisions"}],"predecessor-version":[{"id":427,"href":"http:\/\/www.audeladusilence.org\/index.php?rest_route=\/wp\/v2\/posts\/422\/revisions\/427"}],"wp:attachment":[{"href":"http:\/\/www.audeladusilence.org\/index.php?rest_route=%2Fwp%2Fv2%2Fmedia&parent=422"}],"wp:term":[{"taxonomy":"category","embeddable":true,"href":"http:\/\/www.audeladusilence.org\/index.php?rest_route=%2Fwp%2Fv2%2Fcategories&post=422"},{"taxonomy":"post_tag","embeddable":true,"href":"http:\/\/www.audeladusilence.org\/index.php?rest_route=%2Fwp%2Fv2%2Ftags&post=422"}],"curies":[{"name":"wp","href":"https:\/\/api.w.org\/{rel}","templated":true}]}}