{"id":429,"date":"2023-08-15T23:13:44","date_gmt":"2023-08-15T21:13:44","guid":{"rendered":"http:\/\/www.audeladusilence.org\/?p=429"},"modified":"2023-08-15T23:13:46","modified_gmt":"2023-08-15T21:13:46","slug":"06-10-2023-les-voutes-kosmo-kino-plaza-cycle-xix-nos-sorcieres-mal-aimees","status":"publish","type":"post","link":"http:\/\/www.audeladusilence.org\/?p=429","title":{"rendered":"[06.10.2023 &#8211; Les Vo\u00fbtes] Kosmo Kino Plaza &#8211; Cycle XIX : Nos sorci\u00e8res mal aim\u00e9es"},"content":{"rendered":"\n<h3 class=\"wp-block-heading\">Kosmo Kino Plaza &#8211; Cycle XIX : Nos sorci\u00e8res mal aim\u00e9es<\/h3>\n\n\n\n<h4 class=\"wp-block-heading\">Les Vo\u00fbtes, Paris \u2013 06.10.2023 \u2013 19:30<\/h4>\n\n\n<div class=\"wp-block-image\">\n<figure class=\"aligncenter size-large is-resized\"><img loading=\"lazy\" decoding=\"async\" src=\"http:\/\/www.audeladusilence.org\/wp-content\/uploads\/2023\/08\/FLY_KKP_CYCLEXIX-726x1024.jpg\" alt=\"\" class=\"wp-image-430\" style=\"width:182px;height:256px\" width=\"182\" height=\"256\" srcset=\"http:\/\/www.audeladusilence.org\/wp-content\/uploads\/2023\/08\/FLY_KKP_CYCLEXIX-726x1024.jpg 726w, http:\/\/www.audeladusilence.org\/wp-content\/uploads\/2023\/08\/FLY_KKP_CYCLEXIX-213x300.jpg 213w, http:\/\/www.audeladusilence.org\/wp-content\/uploads\/2023\/08\/FLY_KKP_CYCLEXIX-768x1083.jpg 768w, http:\/\/www.audeladusilence.org\/wp-content\/uploads\/2023\/08\/FLY_KKP_CYCLEXIX-1090x1536.jpg 1090w, http:\/\/www.audeladusilence.org\/wp-content\/uploads\/2023\/08\/FLY_KKP_CYCLEXIX.jpg 1240w\" sizes=\"auto, (max-width: 182px) 100vw, 182px\" \/><\/figure><\/div>\n\n\n<h4 class=\"wp-block-heading\">Roma Amor &#8211; La Breiche &#8211; Crooked Mouth<\/h4>\n\n\n<p><iframe loading=\"lazy\" title=\"YouTube video player\" src=\"https:\/\/www.youtube.com\/embed\/ZeVwjcLL8cI\" width=\"560\" height=\"315\" frameborder=\"0\" allowfullscreen=\"allowfullscreen\"><\/iframe><\/p>\n<hr \/>\n<h3>Roma Amor<\/h3>\n<p><a href=\"https:\/\/www.facebook.com\/romaamorofficialpage\">Facebook<\/a><\/p>\n<p><iframe loading=\"lazy\" title=\"YouTube video player\" src=\"https:\/\/www.youtube.com\/embed\/_3iGurIhAZQ\" width=\"560\" height=\"315\" frameborder=\"0\" allowfullscreen=\"allowfullscreen\"><\/iframe><\/p>\n<h3>La Breiche<\/h3>\n<p><a href=\"https:\/\/www.facebook.com\/labreiche\">Facebook<\/a><\/p>\n<p><iframe loading=\"lazy\" title=\"YouTube video player\" src=\"https:\/\/www.youtube.com\/embed\/09Sf7PaQ7Bw\" width=\"560\" height=\"315\" frameborder=\"0\" allowfullscreen=\"allowfullscreen\"><\/iframe><\/p>\n<h3>Crooked Mouth<\/h3>\n<p><a href=\"https:\/\/www.facebook.com\/crookedmouthcampbell\">Facebook<\/a><\/p>\n<p><iframe loading=\"lazy\" title=\"YouTube video player\" src=\"https:\/\/www.youtube.com\/embed\/RkhEPHK1OMA\" width=\"560\" height=\"315\" frameborder=\"0\" allowfullscreen=\"allowfullscreen\"><\/iframe><\/p>\n<hr \/>\n<h6>Ev\u00e9nement <a href=\"https:\/\/www.facebook.com\/events\/291701283084822\">Facebook<\/a>.<\/h6>\n<p>Les Vo\u00fbtes 19 rue des Frigos &#8211; 75013 Paris M\u00e9tro : Biblioth\u00e8que Fran\u00e7ois Mitterrand <a href=\"http:\/\/www.lesvoutes.org\" target=\"_blank\" rel=\"nofollow noopener\" data-lynx-mode=\"origin\">http:\/\/www.lesvoutes.org\/<\/a><\/p>\n<hr \/>\n<h6>Billetterie<\/h6>\n<p>Pr\u00e9vente : 23\u20ac.<\/p>\n<p>Sur place : 25\u20ac<\/p>\n<p>Disponible <a href=\"https:\/\/www.helloasso.com\/associations\/productions-adds\/evenements\/kkp-xviii-sutcliffe-no-more-lugola-harmony-of-struggle\">en ligne.<\/a><\/p>","protected":false},"excerpt":{"rendered":"<p>Kosmo Kino Plaza &#8211; Cycle XIX : Nos sorci\u00e8res mal aim\u00e9es Les Vo\u00fbtes, Paris \u2013 06.10.2023 \u2013 19:30 Roma Amor &#8211; La Breiche &#8211; Crooked Mouth Roma Amor Facebook La Breiche Facebook Crooked Mouth Facebook Ev\u00e9nement Facebook. Les Vo\u00fbtes 19 rue des Frigos &#8211; 75013 Paris M\u00e9tro : Biblioth\u00e8que Fran\u00e7ois Mitterrand http:\/\/www.lesvoutes.org\/ Billetterie Pr\u00e9vente : &hellip; <\/p>\n<p class=\"link-more\"><a href=\"http:\/\/www.audeladusilence.org\/?p=429\" class=\"more-link\">more<span class=\"screen-reader-text\"> \u00ab\u00a0[06.10.2023 &#8211; Les Vo\u00fbtes] Kosmo Kino Plaza &#8211; Cycle XIX : Nos sorci\u00e8res mal aim\u00e9es\u00a0\u00bb<\/span><\/a><\/p>\n","protected":false},"author":2,"featured_media":0,"comment_status":"closed","ping_status":"closed","sticky":false,"template":"","format":"standard","meta":{"footnotes":""},"categories":[3,2,4,56],"tags":[42,27,7,202,62,199,19,20,201,93,63,200,169,78],"class_list":["post-429","post","type-post","status-publish","format-standard","hentry","category-c_annonce","category-concert","category-c_info","category-c_kkp","tag-ambient","tag-cabaret","tag-concert","tag-crooked-mouth","tag-dark-folk","tag-dekadencki-folk-cabaret","tag-kkp","tag-kosmo-kino-plaza","tag-la-breiche","tag-les-voutes","tag-neofolk","tag-pyrenean-ritual-folk","tag-ritual","tag-roma-amor"],"_links":{"self":[{"href":"http:\/\/www.audeladusilence.org\/index.php?rest_route=\/wp\/v2\/posts\/429","targetHints":{"allow":["GET"]}}],"collection":[{"href":"http:\/\/www.audeladusilence.org\/index.php?rest_route=\/wp\/v2\/posts"}],"about":[{"href":"http:\/\/www.audeladusilence.org\/index.php?rest_route=\/wp\/v2\/types\/post"}],"author":[{"embeddable":true,"href":"http:\/\/www.audeladusilence.org\/index.php?rest_route=\/wp\/v2\/users\/2"}],"replies":[{"embeddable":true,"href":"http:\/\/www.audeladusilence.org\/index.php?rest_route=%2Fwp%2Fv2%2Fcomments&post=429"}],"version-history":[{"count":2,"href":"http:\/\/www.audeladusilence.org\/index.php?rest_route=\/wp\/v2\/posts\/429\/revisions"}],"predecessor-version":[{"id":432,"href":"http:\/\/www.audeladusilence.org\/index.php?rest_route=\/wp\/v2\/posts\/429\/revisions\/432"}],"wp:attachment":[{"href":"http:\/\/www.audeladusilence.org\/index.php?rest_route=%2Fwp%2Fv2%2Fmedia&parent=429"}],"wp:term":[{"taxonomy":"category","embeddable":true,"href":"http:\/\/www.audeladusilence.org\/index.php?rest_route=%2Fwp%2Fv2%2Fcategories&post=429"},{"taxonomy":"post_tag","embeddable":true,"href":"http:\/\/www.audeladusilence.org\/index.php?rest_route=%2Fwp%2Fv2%2Ftags&post=429"}],"curies":[{"name":"wp","href":"https:\/\/api.w.org\/{rel}","templated":true}]}}