{"id":446,"date":"2024-08-07T00:37:23","date_gmt":"2024-08-06T22:37:23","guid":{"rendered":"https:\/\/www.audeladusilence.org\/?p=446"},"modified":"2025-01-20T23:07:53","modified_gmt":"2025-01-20T22:07:53","slug":"09-09-2024-le-klub-aucune-petite-musique-ne-nuit-septieme-seance","status":"publish","type":"post","link":"http:\/\/www.audeladusilence.org\/?p=446","title":{"rendered":"[09.09.2024 &#8211; Le Klub] Aucune Petite Musique Ne Nuit &#8211; Septi\u00e8me s\u00e9ance"},"content":{"rendered":"\n<h3 class=\"wp-block-heading\">Aucune Petite Musique Ne Nuit &#8211; Septi\u00e8me s\u00e9ance<\/h3>\n\n\n\n<h4 class=\"wp-block-heading\">Le Klub, Paris &#8211; 09.09.2024 &#8211; 19:30<\/h4>\n\n\n<div class=\"wp-block-image\">\n<figure class=\"aligncenter size-large\"><img loading=\"lazy\" decoding=\"async\" width=\"724\" height=\"1024\" src=\"https:\/\/www.audeladusilence.org\/wp-content\/uploads\/2024\/08\/Site-Klub-APMNN-7-724x1024.png\" alt=\"\" class=\"wp-image-447\" srcset=\"http:\/\/www.audeladusilence.org\/wp-content\/uploads\/2024\/08\/Site-Klub-APMNN-7-724x1024.png 724w, http:\/\/www.audeladusilence.org\/wp-content\/uploads\/2024\/08\/Site-Klub-APMNN-7-212x300.png 212w, http:\/\/www.audeladusilence.org\/wp-content\/uploads\/2024\/08\/Site-Klub-APMNN-7-768x1086.png 768w, http:\/\/www.audeladusilence.org\/wp-content\/uploads\/2024\/08\/Site-Klub-APMNN-7-1086x1536.png 1086w, http:\/\/www.audeladusilence.org\/wp-content\/uploads\/2024\/08\/Site-Klub-APMNN-7.png 1189w\" sizes=\"auto, (max-width: 724px) 100vw, 724px\" \/><\/figure><\/div>\n\n\n<figure class=\"wp-block-embed is-type-video is-provider-youtube wp-block-embed-youtube wp-embed-aspect-16-9 wp-has-aspect-ratio\"><div class=\"wp-block-embed__wrapper\">\n<iframe loading=\"lazy\" title=\"Ostara &amp; Sean Ragon (Cult Of Youth\/Venerence) en concert\" width=\"600\" height=\"338\" src=\"https:\/\/www.youtube.com\/embed\/Eq-7dPEM4xM?feature=oembed\" frameborder=\"0\" allow=\"accelerometer; autoplay; clipboard-write; encrypted-media; gyroscope; picture-in-picture; web-share\" referrerpolicy=\"strict-origin-when-cross-origin\" allowfullscreen><\/iframe>\n<\/div><\/figure>\n\n\n\n<hr class=\"wp-block-separator has-alpha-channel-opacity\"\/>\n\n\n\n<h6 class=\"wp-block-heading\">Ev\u00e9nement <a href=\"https:\/\/www.facebook.com\/events\/1155592742326657\">Facebook<\/a>.<\/h6>\n\n\n\n<p>Le Klub 14 rue Saint-Denis &#8211; 75001 Paris M\u00e9tros : Ch\u00e2telet, Les Halles<\/p>\n\n\n\n<p><a href=\"http:\/\/www.leklub-paris.com\/\">http:\/\/www.leklub-paris.com\/<\/a><\/p>\n\n\n\n<hr class=\"wp-block-separator has-alpha-channel-opacity\"\/>\n\n\n\n<h6 class=\"wp-block-heading\">Billetterie<\/h6>\n\n\n\n<p>Pr\u00e9vente : 17\u20ac.<\/p>\n\n\n\n<p>Sur place : 20\u20ac<\/p>\n\n\n\n<p>Disponible <a href=\"https:\/\/www.helloasso.com\/associations\/productions-adds\/evenements\/apmnn-7-ostara-et-sean-ragon-cult-of-youth-venerence-en-concert\">en ligne<\/a>.<\/p>\n","protected":false},"excerpt":{"rendered":"<p>Aucune Petite Musique Ne Nuit &#8211; Septi\u00e8me s\u00e9ance Le Klub, Paris &#8211; 09.09.2024 &#8211; 19:30 Ev\u00e9nement Facebook. Le Klub 14 rue Saint-Denis &#8211; 75001 Paris M\u00e9tros : Ch\u00e2telet, Les Halles http:\/\/www.leklub-paris.com\/ Billetterie Pr\u00e9vente : 17\u20ac. Sur place : 20\u20ac Disponible en ligne.<\/p>\n","protected":false},"author":2,"featured_media":0,"comment_status":"closed","ping_status":"closed","sticky":false,"template":"","format":"standard","meta":{"footnotes":""},"categories":[3,57,2],"tags":[7,217,62,219,43,190,206,63,215,102,12,216,218],"class_list":["post-446","post","type-post","status-publish","format-standard","hentry","category-c_annonce","category-c_apmnn","category-concert","tag-concert","tag-cult-of-youth","tag-dark-folk","tag-folk","tag-industrial","tag-industriel","tag-le-klub","tag-neofolk","tag-ostara","tag-post-industrial","tag-post-punk","tag-sean-ragon","tag-venerence"],"_links":{"self":[{"href":"http:\/\/www.audeladusilence.org\/index.php?rest_route=\/wp\/v2\/posts\/446","targetHints":{"allow":["GET"]}}],"collection":[{"href":"http:\/\/www.audeladusilence.org\/index.php?rest_route=\/wp\/v2\/posts"}],"about":[{"href":"http:\/\/www.audeladusilence.org\/index.php?rest_route=\/wp\/v2\/types\/post"}],"author":[{"embeddable":true,"href":"http:\/\/www.audeladusilence.org\/index.php?rest_route=\/wp\/v2\/users\/2"}],"replies":[{"embeddable":true,"href":"http:\/\/www.audeladusilence.org\/index.php?rest_route=%2Fwp%2Fv2%2Fcomments&post=446"}],"version-history":[{"count":1,"href":"http:\/\/www.audeladusilence.org\/index.php?rest_route=\/wp\/v2\/posts\/446\/revisions"}],"predecessor-version":[{"id":449,"href":"http:\/\/www.audeladusilence.org\/index.php?rest_route=\/wp\/v2\/posts\/446\/revisions\/449"}],"wp:attachment":[{"href":"http:\/\/www.audeladusilence.org\/index.php?rest_route=%2Fwp%2Fv2%2Fmedia&parent=446"}],"wp:term":[{"taxonomy":"category","embeddable":true,"href":"http:\/\/www.audeladusilence.org\/index.php?rest_route=%2Fwp%2Fv2%2Fcategories&post=446"},{"taxonomy":"post_tag","embeddable":true,"href":"http:\/\/www.audeladusilence.org\/index.php?rest_route=%2Fwp%2Fv2%2Ftags&post=446"}],"curies":[{"name":"wp","href":"https:\/\/api.w.org\/{rel}","templated":true}]}}