{"id":459,"date":"2025-01-20T23:22:43","date_gmt":"2025-01-20T22:22:43","guid":{"rendered":"https:\/\/www.audeladusilence.org\/?p=459"},"modified":"2025-01-20T23:22:44","modified_gmt":"2025-01-20T22:22:44","slug":"07-03-2025-le-club-de-letoile-kosmo-kino-plaza-cycle-xxi-der-golem","status":"publish","type":"post","link":"http:\/\/www.audeladusilence.org\/?p=459","title":{"rendered":"[07.03.2025 &#8211; Le Club de l&rsquo;\u00c9toile] Kosmo Kino Plaza &#8211; Cycle XXI : Der Golem"},"content":{"rendered":"\n<h3 class=\"wp-block-heading\">Kosmo Kino Plaza &#8211; Cycle XXI : Der Golem<\/h3>\n\n\n\n<p><h3 class=\"wp-block-heading\" style=\"color: rgb(0, 0, 0); white-space: normal;\">Cin\u00e9-concert<\/h3><h4 class=\"wp-block-heading\" style=\"color: rgb(0, 0, 0); white-space: normal;\">Le Club de l&rsquo;\u00c9toile<\/h4><\/p>\n\n\n<div class=\"wp-block-image\">\n<figure class=\"aligncenter size-medium\"><img loading=\"lazy\" decoding=\"async\" width=\"213\" height=\"300\" src=\"https:\/\/www.audeladusilence.org\/wp-content\/uploads\/2025\/01\/FLYER-KKP-CYCLEXXI-213x300.png\" alt=\"\" class=\"wp-image-462\" srcset=\"http:\/\/www.audeladusilence.org\/wp-content\/uploads\/2025\/01\/FLYER-KKP-CYCLEXXI-213x300.png 213w, http:\/\/www.audeladusilence.org\/wp-content\/uploads\/2025\/01\/FLYER-KKP-CYCLEXXI-726x1024.png 726w, http:\/\/www.audeladusilence.org\/wp-content\/uploads\/2025\/01\/FLYER-KKP-CYCLEXXI-768x1083.png 768w, http:\/\/www.audeladusilence.org\/wp-content\/uploads\/2025\/01\/FLYER-KKP-CYCLEXXI-1090x1536.png 1090w, http:\/\/www.audeladusilence.org\/wp-content\/uploads\/2025\/01\/FLYER-KKP-CYCLEXXI.png 1240w\" sizes=\"auto, (max-width: 213px) 100vw, 213px\" \/><\/figure><\/div>\n\n\n<h4 class=\"wp-block-heading\">Un film de Paul Wegener et Carl Boese<\/h4>\n\n\n\n<h4 class=\"wp-block-heading\">Musique live de Hermann KOPP assist\u00e9 de Am Not<\/h4>\n\n\n\n<figure class=\"wp-block-embed is-type-video is-provider-youtube wp-block-embed-youtube wp-embed-aspect-16-9 wp-has-aspect-ratio\"><div class=\"wp-block-embed__wrapper\">\n<iframe loading=\"lazy\" title=\"Kosmo Kino Plaza - Cycle XXI : Der Golem (Hermann KOPP \/ Am Not)\" width=\"600\" height=\"338\" src=\"https:\/\/www.youtube.com\/embed\/-xUrNUPUdhY?feature=oembed\" frameborder=\"0\" allow=\"accelerometer; autoplay; clipboard-write; encrypted-media; gyroscope; picture-in-picture; web-share\" referrerpolicy=\"strict-origin-when-cross-origin\" allowfullscreen><\/iframe>\n<\/div><\/figure>\n\n\n\n<hr class=\"wp-block-separator has-alpha-channel-opacity\"\/>\n\n\n\n<h6 class=\"wp-block-heading\">Ev\u00e9nement <a href=\"https:\/\/www.facebook.com\/events\/1432333584391538\">Facebook<\/a>.<\/h6>\n\n\n\n<p>Le Club de l&rsquo;\u00c9toile<br>14 rue Troyon &#8211; 75017 Paris<\/p>\n\n\n\n<p>M\u00e9tro : Charles de Gaulle &#8211; \u00c9toile<\/p>\n\n\n\n<p><a href=\"http:\/\/www.clubdeletoile.fr\" target=\"_blank\" rel=\"noreferrer noopener\">http:\/\/www.clubdeletoile.fr\/<\/a><\/p>\n\n\n\n<hr class=\"wp-block-separator has-alpha-channel-opacity\"\/>\n\n\n\n<h6 class=\"wp-block-heading\">Billetterie<\/h6>\n\n\n\n<p>Balcon : 22\u20ac.<br>Salle : 25\u20ac<\/p>\n\n\n\n<p>Disponible <a href=\"https:\/\/www.billetweb.fr\/kkp-xvii-cent-ans-de-solitude-flint-glass-sprengbagger-1010\">en <\/a><a href=\"https:\/\/www.billetweb.fr\/kosmo-kino-plaza-cycle-xxi-der-golem-wie-er-in-die-welt-kam-hermann-kop-am-not\">ligne<\/a><a href=\"https:\/\/www.billetweb.fr\/kkp-xvii-cent-ans-de-solitude-flint-glass-sprengbagger-1010\">.<\/a><\/p>\n\n\n\n<p><\/p>\n","protected":false},"excerpt":{"rendered":"<p>Kosmo Kino Plaza &#8211; Cycle XXI : Der Golem Cin\u00e9-concert Le Club de l&rsquo;\u00c9toile Un film de Paul Wegener et Carl Boese Musique live de Hermann KOPP assist\u00e9 de Am Not Ev\u00e9nement Facebook. Le Club de l&rsquo;\u00c9toile14 rue Troyon &#8211; 75017 Paris M\u00e9tro : Charles de Gaulle &#8211; \u00c9toile http:\/\/www.clubdeletoile.fr\/ Billetterie Balcon : 22\u20ac.Salle : &hellip; <\/p>\n<p class=\"link-more\"><a href=\"http:\/\/www.audeladusilence.org\/?p=459\" class=\"more-link\">more<span class=\"screen-reader-text\"> \u00ab\u00a0[07.03.2025 &#8211; Le Club de l&rsquo;\u00c9toile] Kosmo Kino Plaza &#8211; Cycle XXI : Der Golem\u00a0\u00bb<\/span><\/a><\/p>\n","protected":false},"author":2,"featured_media":0,"comment_status":"closed","ping_status":"closed","sticky":false,"template":"","format":"standard","meta":{"footnotes":""},"categories":[3,2,56],"tags":[38,42,228,178,179,211,7,226,23,44,122,225,224,180,227],"class_list":["post-459","post","type-post","status-publish","format-standard","hentry","category-c_annonce","category-concert","category-c_kkp","tag-am-not","tag-ambient","tag-boese","tag-cine-concert","tag-cinema","tag-club-de-letoile","tag-concert","tag-der-golem","tag-drone","tag-experimental","tag-film","tag-golem","tag-hermann-kopp","tag-movie","tag-wegener"],"_links":{"self":[{"href":"http:\/\/www.audeladusilence.org\/index.php?rest_route=\/wp\/v2\/posts\/459","targetHints":{"allow":["GET"]}}],"collection":[{"href":"http:\/\/www.audeladusilence.org\/index.php?rest_route=\/wp\/v2\/posts"}],"about":[{"href":"http:\/\/www.audeladusilence.org\/index.php?rest_route=\/wp\/v2\/types\/post"}],"author":[{"embeddable":true,"href":"http:\/\/www.audeladusilence.org\/index.php?rest_route=\/wp\/v2\/users\/2"}],"replies":[{"embeddable":true,"href":"http:\/\/www.audeladusilence.org\/index.php?rest_route=%2Fwp%2Fv2%2Fcomments&post=459"}],"version-history":[{"count":10,"href":"http:\/\/www.audeladusilence.org\/index.php?rest_route=\/wp\/v2\/posts\/459\/revisions"}],"predecessor-version":[{"id":473,"href":"http:\/\/www.audeladusilence.org\/index.php?rest_route=\/wp\/v2\/posts\/459\/revisions\/473"}],"wp:attachment":[{"href":"http:\/\/www.audeladusilence.org\/index.php?rest_route=%2Fwp%2Fv2%2Fmedia&parent=459"}],"wp:term":[{"taxonomy":"category","embeddable":true,"href":"http:\/\/www.audeladusilence.org\/index.php?rest_route=%2Fwp%2Fv2%2Fcategories&post=459"},{"taxonomy":"post_tag","embeddable":true,"href":"http:\/\/www.audeladusilence.org\/index.php?rest_route=%2Fwp%2Fv2%2Ftags&post=459"}],"curies":[{"name":"wp","href":"https:\/\/api.w.org\/{rel}","templated":true}]}}